{"id":2251,"date":"2021-11-05T17:18:29","date_gmt":"2021-11-05T16:18:29","guid":{"rendered":"https:\/\/wildermuell-lebensgefahrfuertiere.de\/?p=2251"},"modified":"2021-11-05T18:52:02","modified_gmt":"2021-11-05T17:52:02","slug":"kinder-der-gottfried-kricker-schule-sammeln-muell","status":"publish","type":"post","link":"https:\/\/wildermuell-lebensgefahrfuertiere.de\/index.php\/2021\/11\/05\/kinder-der-gottfried-kricker-schule-sammeln-muell\/","title":{"rendered":"Kinder der Gottfried-Kricker-Schule sammeln M\u00fcll"},"content":{"rendered":"<p>[et_pb_section fb_built=&#8220;1&#8243; _builder_version=&#8220;4.11.3&#8243; _module_preset=&#8220;default&#8220; global_colors_info=&#8220;{}&#8220;][et_pb_row _builder_version=&#8220;4.11.3&#8243; _module_preset=&#8220;default&#8220; global_colors_info=&#8220;{}&#8220;][et_pb_column type=&#8220;4_4&#8243; _builder_version=&#8220;4.11.3&#8243; _module_preset=&#8220;default&#8220; global_colors_info=&#8220;{}&#8220;][et_pb_text _builder_version=&#8220;4.11.3&#8243; _module_preset=&#8220;default&#8220; global_colors_info=&#8220;{}&#8220;]<\/p>\n<p>UIm vergangenen Jahr erhielten alle Grundsch\u00fcler der Stadt Willich unser Buch &#8222;Lass uns ein gutes Zuhause finden&#8220; als Geschenk. Auch im Unterricht wurde das Buch behandelt und die Kinder \u00fcberlegten wie sie den Tieren helfen k\u00f6nnen.<\/p>\n<p>Wir freuen uns wenn unser Buch nachhaltigen Erfolg hat und die Kinder dauerhaft Umweltschutzthemen, die M\u00fcllbelastung und das Tierwohl zu einem festen Bestandteil ihres Alltags machen.<\/p>\n<p>Sch\u00fclern der Klasse 2c der Gottfried-Kricker-Schule in Willich-Anrath war insbesondere sogenannter Corona-M\u00fcll aufgefallen, also Masken die einfach in der Landschaft entsorgt wurden.<\/p>\n<p>Gemeinsam mit Frau Hero entwickelten sie in den Sommerferien eine Aktion zum Umweltschutz f\u00fcr die Schule. Diese Aktion wurde mit Begeisterung von den Kolleginnen und Kollegen der Schule aufgegriffen und mit der j\u00e4hrlichen M\u00fcllsammelaktion \u201eWilli Wisch\u201c der Stadt Willich verkn\u00fcpft. So entstand die Umweltaktionswoche der GKS.<\/p>\n<p>Und so machten sich alle Klassen der GKS an jeweils einem Tag der Woche mit M\u00fcllsammelzangen, Handschuhen und M\u00fclls\u00e4cken ausgestattet in die n\u00e4here Schulumgebung auf, um M\u00fcll einzusammeln.<\/p>\n<p>Wir danken allen die diese Aktion m\u00f6glich gemacht haben.<br \/>Die Kinder der Gottfried-Kricker-Schule erhalten von uns f\u00fcr ihr Engagement unseren neu gestaltete <a href=\"https:\/\/wildermuell-lebensgefahrfuertiere.de\/wp-content\/uploads\/2021\/10\/Kinderbuch-Urkunde-FINAL_210x210.pdf\">Dankesurkunde<\/a>!<\/p>\n<p>Weiterlesen:<\/p>\n<p>Bericht in &#8222;meine Woche&#8220;: <a href=\"https:\/\/www.meine-woche.de\/staedte\/willich\/schueler-der-gottfried-kricker-schule-sammeln-alte-masken_aid-63750085\" target=\"_blank\" rel=\"noopener\">Maskenm\u00fcll in den Ferien gesammelt<\/a><\/p>\n<p>Unser Bericht: <a href=\"https:\/\/wildermuell-lebensgefahrfuertiere.de\/index.php\/2021\/10\/04\/freiwillige-sammeln-muell-in-willich\/\">Freiwilligen sammeln M\u00fcll in Willich<\/a><\/p>\n<p>Bericht auf der Webseite der Gottfried-Kricker-Schule: <a href=\"https:\/\/www.gottfried-kricker-schule-anrath.de\/start\/umweltprojekt-an-der-gks-schuetze-deine-umwelt-wirf-deine-maske-in-den-muell\/\">Umweltprojekt an der GKS<\/a><\/p>\n<p>Bericht auf der Webseite der Gottfried-Kricker-Schule \u00fcber unser Buch &#8222;<a href=\"https:\/\/www.gottfried-kricker-schule-anrath.de\/buch-verschenken-an-die-umwelt-denken\/\">Lass uns ein gutes Zuhause finden<\/a>&#8222;<\/p>\n<p>[\/et_pb_text][\/et_pb_column][\/et_pb_row][\/et_pb_section]<\/p>\n","protected":false},"excerpt":{"rendered":"<p>UIm vergangenen Jahr erhielten alle Grundsch\u00fcler der Stadt Willich unser Buch &#8222;Lass uns ein gutes Zuhause finden&#8220; als Geschenk. Auch im Unterricht wurde das Buch behandelt und die Kinder \u00fcberlegten wie sie den Tieren helfen k\u00f6nnen. Wir freuen uns wenn unser Buch nachhaltigen Erfolg hat und die Kinder dauerhaft Umweltschutzthemen, die M\u00fcllbelastung und das Tierwohl [&hellip;]<\/p>\n","protected":false},"author":5,"featured_media":2250,"comment_status":"closed","ping_status":"open","sticky":false,"template":"","format":"standard","meta":{"_et_pb_use_builder":"on","_et_pb_old_content":"","_et_gb_content_width":"","footnotes":""},"categories":[11,9],"tags":[],"post_folder":[],"class_list":["post-2251","post","type-post","status-publish","format-standard","has-post-thumbnail","hentry","category-muell","category-news"],"_links":{"self":[{"href":"https:\/\/wildermuell-lebensgefahrfuertiere.de\/index.php\/wp-json\/wp\/v2\/posts\/2251","targetHints":{"allow":["GET"]}}],"collection":[{"href":"https:\/\/wildermuell-lebensgefahrfuertiere.de\/index.php\/wp-json\/wp\/v2\/posts"}],"about":[{"href":"https:\/\/wildermuell-lebensgefahrfuertiere.de\/index.php\/wp-json\/wp\/v2\/types\/post"}],"author":[{"embeddable":true,"href":"https:\/\/wildermuell-lebensgefahrfuertiere.de\/index.php\/wp-json\/wp\/v2\/users\/5"}],"replies":[{"embeddable":true,"href":"https:\/\/wildermuell-lebensgefahrfuertiere.de\/index.php\/wp-json\/wp\/v2\/comments?post=2251"}],"version-history":[{"count":7,"href":"https:\/\/wildermuell-lebensgefahrfuertiere.de\/index.php\/wp-json\/wp\/v2\/posts\/2251\/revisions"}],"predecessor-version":[{"id":2267,"href":"https:\/\/wildermuell-lebensgefahrfuertiere.de\/index.php\/wp-json\/wp\/v2\/posts\/2251\/revisions\/2267"}],"wp:featuredmedia":[{"embeddable":true,"href":"https:\/\/wildermuell-lebensgefahrfuertiere.de\/index.php\/wp-json\/wp\/v2\/media\/2250"}],"wp:attachment":[{"href":"https:\/\/wildermuell-lebensgefahrfuertiere.de\/index.php\/wp-json\/wp\/v2\/media?parent=2251"}],"wp:term":[{"taxonomy":"category","embeddable":true,"href":"https:\/\/wildermuell-lebensgefahrfuertiere.de\/index.php\/wp-json\/wp\/v2\/categories?post=2251"},{"taxonomy":"post_tag","embeddable":true,"href":"https:\/\/wildermuell-lebensgefahrfuertiere.de\/index.php\/wp-json\/wp\/v2\/tags?post=2251"},{"taxonomy":"post_folder","embeddable":true,"href":"https:\/\/wildermuell-lebensgefahrfuertiere.de\/index.php\/wp-json\/wp\/v2\/post_folder?post=2251"}],"curies":[{"name":"wp","href":"https:\/\/api.w.org\/{rel}","templated":true}]}}