{"id":2408,"date":"2022-04-15T21:59:49","date_gmt":"2022-04-15T19:59:49","guid":{"rendered":"https:\/\/wildermuell-lebensgefahrfuertiere.de\/?p=2408"},"modified":"2022-05-04T09:27:23","modified_gmt":"2022-05-04T07:27:23","slug":"muellsammelaktion-beim-berufskolleg-viersen","status":"publish","type":"post","link":"https:\/\/wildermuell-lebensgefahrfuertiere.de\/index.php\/2022\/04\/15\/muellsammelaktion-beim-berufskolleg-viersen\/","title":{"rendered":"M\u00fcllsammelaktion beim Berufskolleg Viersen"},"content":{"rendered":"<p>[et_pb_section fb_built=&#8220;1&#8243; _builder_version=&#8220;4.14.9&#8243; _module_preset=&#8220;default&#8220; global_colors_info=&#8220;{}&#8220;][et_pb_row column_structure=&#8220;2_5,3_5&#8243; _builder_version=&#8220;4.14.9&#8243; _module_preset=&#8220;default&#8220; global_colors_info=&#8220;{}&#8220;][et_pb_column type=&#8220;2_5&#8243; _builder_version=&#8220;4.14.9&#8243; _module_preset=&#8220;default&#8220; global_colors_info=&#8220;{}&#8220;][et_pb_image src=&#8220;https:\/\/wildermuell-lebensgefahrfuertiere.de\/wp-content\/uploads\/2022\/04\/muellaktion_berufskolleg_viersen_03.jpeg&#8220; title_text=&#8220;muellaktion_berufskolleg_viersen_03&#8243; show_in_lightbox=&#8220;on&#8220; _builder_version=&#8220;4.14.9&#8243; _module_preset=&#8220;default&#8220; global_colors_info=&#8220;{}&#8220;][\/et_pb_image][et_pb_image src=&#8220;https:\/\/wildermuell-lebensgefahrfuertiere.de\/wp-content\/uploads\/2022\/04\/muellaktion_berufskolleg_viersen_04.jpeg&#8220; title_text=&#8220;muellaktion_berufskolleg_viersen_04&#8243; show_in_lightbox=&#8220;on&#8220; _builder_version=&#8220;4.14.9&#8243; _module_preset=&#8220;default&#8220; global_colors_info=&#8220;{}&#8220;][\/et_pb_image][et_pb_image src=&#8220;https:\/\/wildermuell-lebensgefahrfuertiere.de\/wp-content\/uploads\/2022\/04\/muellaktion_berufskolleg_viersen_02.jpeg&#8220; title_text=&#8220;muellaktion_berufskolleg_viersen_02&#8243; show_in_lightbox=&#8220;on&#8220; _builder_version=&#8220;4.14.9&#8243; _module_preset=&#8220;default&#8220; global_colors_info=&#8220;{}&#8220;][\/et_pb_image][\/et_pb_column][et_pb_column type=&#8220;3_5&#8243; _builder_version=&#8220;4.14.9&#8243; _module_preset=&#8220;default&#8220; global_colors_info=&#8220;{}&#8220;][et_pb_text _builder_version=&#8220;4.14.9&#8243; _module_preset=&#8220;default&#8220; hover_enabled=&#8220;0&#8243; global_colors_info=&#8220;{}&#8220; sticky_enabled=&#8220;0&#8243;]<\/p>\n<p>Viersen, 07.04.2022<\/p>\n<p>Nachdem sich die Erzieherklasse des Berufskolleg Viersen in unserer <a href=\"https:\/\/wildermuell-lebensgefahrfuertiere.de\/index.php\/2022\/03\/12\/auszubildende-erzieherinnen-des-berufskolleg-viersen-informieren-sich-ueber-den-wilden-muell\/\" target=\"_blank\" rel=\"noopener\">Veranstaltung am Naturschutzhof<\/a> eingehend \u00fcber die Gefahren des wilden M\u00fcll informiert hat folgte der Theorie nun die Praxis.<\/p>\n<p>Auch andere Klassengemeinschaften und das Lehrpersonal unterst\u00fctzten die Aktion und schnell kam die Frage auf: &#8222;Wer sammmelt den meisten M\u00fcll&#8220; ?<\/p>\n<p>Leider war der Wettergott zun\u00e4chst nicht milde gestimmt und schickte reichlich Regen, der jedoch kurz nach Beginn der M\u00fcllsuche nachlie\u00df auf ein ertr\u00e4gliches Ma\u00df.<\/p>\n<p>So wurde auf dem Gel\u00e4nde des Berufskollegs, dem Pausenhof und angrenzendem Parkplatz noch reichlich M\u00fcll gefunden.<\/p>\n<p>In gr\u00f6\u00dferer Anzahl Zigarettenkippen, Glasflaschen, Getr\u00e4nkedosen und Corona-Schutzmasken wurden eingesackt und der ordentlichen M\u00fcllentsorgung \u00fcbergeben.<\/p>\n<p>Besonders auff\u00e4llig war die Tatsache dass auch am Raucherplatz mit vorhandenen Aschenbechern Kippen auf dem Boden lagen.<\/p>\n<p>Wir danken allen die an der Aktion teilgenommen und die Umwelt vom M\u00fcll befreit haben &#8211; zum Wohl der darin lebenden Tiere.<\/p>\n<p>Auch das Berufskolleg Viersen hat einen Beitrag zu dieser Aktion auf ihrer Webseite. Diesen Beitrag finden sie <a href=\"https:\/\/www.berufskolleg-viersen.de\/aktuelles\/720-trash-day-muellsammelaktion-am-bk-viersen.html\">hier<\/a>.<\/p>\n<p>[\/et_pb_text][\/et_pb_column][\/et_pb_row][\/et_pb_section]<\/p>\n","protected":false},"excerpt":{"rendered":"<p>Viersen, 07.04.2022 Nachdem sich die Erzieherklasse des Berufskolleg Viersen in unserer Veranstaltung am Naturschutzhof eingehend \u00fcber die Gefahren des wilden M\u00fcll informiert hat folgte der Theorie nun die Praxis. Auch andere Klassengemeinschaften und das Lehrpersonal unterst\u00fctzten die Aktion und schnell kam die Frage auf: &#8222;Wer sammmelt den meisten M\u00fcll&#8220; ? Leider war der Wettergott zun\u00e4chst [&hellip;]<\/p>\n","protected":false},"author":5,"featured_media":2405,"comment_status":"closed","ping_status":"open","sticky":false,"template":"","format":"standard","meta":{"_et_pb_use_builder":"on","_et_pb_old_content":"","_et_gb_content_width":"","footnotes":""},"categories":[11,9],"tags":[],"post_folder":[],"class_list":["post-2408","post","type-post","status-publish","format-standard","has-post-thumbnail","hentry","category-muell","category-news"],"_links":{"self":[{"href":"https:\/\/wildermuell-lebensgefahrfuertiere.de\/index.php\/wp-json\/wp\/v2\/posts\/2408","targetHints":{"allow":["GET"]}}],"collection":[{"href":"https:\/\/wildermuell-lebensgefahrfuertiere.de\/index.php\/wp-json\/wp\/v2\/posts"}],"about":[{"href":"https:\/\/wildermuell-lebensgefahrfuertiere.de\/index.php\/wp-json\/wp\/v2\/types\/post"}],"author":[{"embeddable":true,"href":"https:\/\/wildermuell-lebensgefahrfuertiere.de\/index.php\/wp-json\/wp\/v2\/users\/5"}],"replies":[{"embeddable":true,"href":"https:\/\/wildermuell-lebensgefahrfuertiere.de\/index.php\/wp-json\/wp\/v2\/comments?post=2408"}],"version-history":[{"count":3,"href":"https:\/\/wildermuell-lebensgefahrfuertiere.de\/index.php\/wp-json\/wp\/v2\/posts\/2408\/revisions"}],"predecessor-version":[{"id":2419,"href":"https:\/\/wildermuell-lebensgefahrfuertiere.de\/index.php\/wp-json\/wp\/v2\/posts\/2408\/revisions\/2419"}],"wp:featuredmedia":[{"embeddable":true,"href":"https:\/\/wildermuell-lebensgefahrfuertiere.de\/index.php\/wp-json\/wp\/v2\/media\/2405"}],"wp:attachment":[{"href":"https:\/\/wildermuell-lebensgefahrfuertiere.de\/index.php\/wp-json\/wp\/v2\/media?parent=2408"}],"wp:term":[{"taxonomy":"category","embeddable":true,"href":"https:\/\/wildermuell-lebensgefahrfuertiere.de\/index.php\/wp-json\/wp\/v2\/categories?post=2408"},{"taxonomy":"post_tag","embeddable":true,"href":"https:\/\/wildermuell-lebensgefahrfuertiere.de\/index.php\/wp-json\/wp\/v2\/tags?post=2408"},{"taxonomy":"post_folder","embeddable":true,"href":"https:\/\/wildermuell-lebensgefahrfuertiere.de\/index.php\/wp-json\/wp\/v2\/post_folder?post=2408"}],"curies":[{"name":"wp","href":"https:\/\/api.w.org\/{rel}","templated":true}]}}