{"id":2742,"date":"2024-01-16T20:22:34","date_gmt":"2024-01-16T19:22:34","guid":{"rendered":"https:\/\/wildermuell-lebensgefahrfuertiere.de\/?p=2742"},"modified":"2025-11-15T13:15:36","modified_gmt":"2025-11-15T12:15:36","slug":"grossartiger-start-in-das-jahr-2024","status":"publish","type":"post","link":"https:\/\/wildermuell-lebensgefahrfuertiere.de\/index.php\/2024\/01\/16\/grossartiger-start-in-das-jahr-2024\/","title":{"rendered":"Gro\u00dfartiger Start in das Jahr 2024"},"content":{"rendered":"\n[et_pb_section fb_built=&#8220;1&#8243; _builder_version=&#8220;4.23.4&#8243; _module_preset=&#8220;default&#8220; global_colors_info=&#8220;{}&#8220;][et_pb_row _builder_version=&#8220;4.23.4&#8243; _module_preset=&#8220;default&#8220; custom_margin=&#8220;-40px||||false|false&#8220; global_colors_info=&#8220;{}&#8220;][et_pb_column type=&#8220;4_4&#8243; _builder_version=&#8220;4.23.4&#8243; _module_preset=&#8220;default&#8220; global_colors_info=&#8220;{}&#8220;][et_pb_text _builder_version=&#8220;4.23.4&#8243; _module_preset=&#8220;default&#8220; global_colors_info=&#8220;{}&#8220;]<p>Foto: Birgit Sroka<\/p>[\/et_pb_text][\/et_pb_column][\/et_pb_row][et_pb_row column_structure=&#8220;2_5,3_5&#8243; _builder_version=&#8220;4.23.4&#8243; _module_preset=&#8220;default&#8220; global_colors_info=&#8220;{}&#8220;][et_pb_column type=&#8220;2_5&#8243; _builder_version=&#8220;4.23.4&#8243; _module_preset=&#8220;default&#8220; global_colors_info=&#8220;{}&#8220;][et_pb_image src=&#8220;https:\/\/wildermuell-lebensgefahrfuertiere.de\/wp-content\/uploads\/2024\/01\/Preisverleihung_Schwalmtal_20240105_02.jpg&#8220; title_text=&#8220;Preisverleihung_Schwalmtal_20240105_02&#8243; _builder_version=&#8220;4.23.4&#8243; _module_preset=&#8220;default&#8220; global_colors_info=&#8220;{}&#8220;][\/et_pb_image][et_pb_text _builder_version=&#8220;4.23.4&#8243; _module_preset=&#8220;default&#8220; global_colors_info=&#8220;{}&#8220;]<p>Foto: Benno Grafke<\/p>[\/et_pb_text][\/et_pb_column][et_pb_column type=&#8220;3_5&#8243; _builder_version=&#8220;4.23.4&#8243; _module_preset=&#8220;default&#8220; global_colors_info=&#8220;{}&#8220;][et_pb_text _builder_version=&#8220;4.23.4&#8243; _module_preset=&#8220;default&#8220; global_colors_info=&#8220;{}&#8220;]<p><strong>Ehrenurkunde und Ehrenpreis der Gemeinde Schwalmtal f\u00fcr unser Projekt.<\/strong><\/p>\n<p>Am 5.1.2024 wurden uns Ehrenurkunde und Ehrenpreis der Gemeinde Schwalmtal f\u00fcr besonderes b\u00fcrgerschaftliches Engagement von B\u00fcrgermeister Andreas Gisbertz in Anwesenheit von \u00fcber 200 B\u00fcrgern, unserer Europa- Bundestags- und Landtagsabgeordneten und weiteren B\u00fcrgermeistern \u00fcberreicht.<\/p>\n<p>In diesem Jahr waren wir einer von vier Preistr\u00e4gern.<\/p>\n<p>Schon seit einigen Jahren bekommen auch die Grundschulkinder in Schwalmtal zur Einschulung unser Kinderbuch von der Gemeinde geschenkt. Im letzten Jahr stellten wir dann der Realschule in Schwalmtal unsere Ausstellung zur Verf\u00fcgung. Die <a href=\"https:\/\/www.janusz-korczak-realschule.de\/2023\/06\/19\/abschlussveranstaltung-wilder-muell\/\" target=\"_blank\" rel=\"noopener\">Abschlussveranstaltung Wilder M\u00fcll der Janusz- Korczak Realschule<\/a> war herausragend und zeigte wie sehr sich die Sch\u00fcler mit der Problematik des Wilden M\u00fclls auseinander gesetzt haben.<\/p>\n<p>Nach nun inzwischen siebeneinhalb Jahren, in denen wir unser Projekt \u201eWilder M\u00fcll, Lebensgefahr f\u00fcr Tiere\u201c aus dem NICHTS heraus aufgebaut haben, freuen wir uns nat\u00fcrlich sehr \u00fcber diese Ehrung. Viel wichtiger ist allerdings, dass unser Konzept nun bekannter geworden ist, weitere Personen uns unterst\u00fctzen wollen, wie zum Beispiel Dr. Martin Plum, unser Bundestagsabgeordneter.<\/p>\n<p>Wir bedanken uns bei Herrn Gisbertz f\u00fcr diese Auszeichnung.<\/p>\n<p>Nun richten wir den Blick nach vorne, gehen mit frischer Energie und gro\u00dfer Zuversicht in das Jahr 2024.<\/p>\n<p><strong>Elita &amp; Benno Grafke<\/strong><strong><\/strong><\/p>\n<p>Weitere Infos:<\/p>\n<p>B<a href=\"https:\/\/wildermuell-lebensgefahrfuertiere.de\/index.php\/2023\/07\/01\/herausragende-abschlussveranstaltung-zu-unserer-ausstellung-in-schwalmtal\/\">eitrag zur Abschlussveranstaltung an der Janusz-Korczak-Realschule<\/a> (eigener Beitrag)<\/p>\n<p><a href=\"https:\/\/www.janusz-korczak-realschule.de\/2023\/06\/19\/abschlussveranstaltung-wilder-muell\/\" target=\"_blank\" rel=\"noopener\">Abschlussveranstaltung Wilder M\u00fcll an der Janusz-Korczak-Realschule<\/a> (externer Link)<\/p>\n<p><a href=\"https:\/\/rp-online.de\/nrw\/staedte\/viersen\/schwalmtal-ehrenpreise-beim-neujahrsempfang-vergeben_aid-104382505\" target=\"_blank\" rel=\"noopener\">Artikel der Rheinischen Post zur Preisverleihung<\/a> (externer Link)<\/p>[\/et_pb_text][\/et_pb_column][\/et_pb_row][\/et_pb_section]\n","protected":false},"excerpt":{"rendered":"<p>Foto: Birgit SrokaFoto: Benno GrafkeEhrenurkunde und Ehrenpreis der Gemeinde Schwalmtal f\u00fcr unser Projekt. Am 5.1.2024 wurden uns Ehrenurkunde und Ehrenpreis der Gemeinde Schwalmtal f\u00fcr besonderes b\u00fcrgerschaftliches Engagement von B\u00fcrgermeister Andreas Gisbertz in Anwesenheit von \u00fcber 200 B\u00fcrgern, unserer Europa- Bundestags- und Landtagsabgeordneten und weiteren B\u00fcrgermeistern \u00fcberreicht. In diesem Jahr waren wir einer von vier Preistr\u00e4gern. [&hellip;]<\/p>\n","protected":false},"author":5,"featured_media":2741,"comment_status":"closed","ping_status":"open","sticky":false,"template":"","format":"standard","meta":{"_et_pb_use_builder":"on","_et_pb_old_content":"","_et_gb_content_width":"","footnotes":""},"categories":[9],"tags":[],"post_folder":[],"class_list":["post-2742","post","type-post","status-publish","format-standard","has-post-thumbnail","hentry","category-news"],"_links":{"self":[{"href":"https:\/\/wildermuell-lebensgefahrfuertiere.de\/index.php\/wp-json\/wp\/v2\/posts\/2742","targetHints":{"allow":["GET"]}}],"collection":[{"href":"https:\/\/wildermuell-lebensgefahrfuertiere.de\/index.php\/wp-json\/wp\/v2\/posts"}],"about":[{"href":"https:\/\/wildermuell-lebensgefahrfuertiere.de\/index.php\/wp-json\/wp\/v2\/types\/post"}],"author":[{"embeddable":true,"href":"https:\/\/wildermuell-lebensgefahrfuertiere.de\/index.php\/wp-json\/wp\/v2\/users\/5"}],"replies":[{"embeddable":true,"href":"https:\/\/wildermuell-lebensgefahrfuertiere.de\/index.php\/wp-json\/wp\/v2\/comments?post=2742"}],"version-history":[{"count":7,"href":"https:\/\/wildermuell-lebensgefahrfuertiere.de\/index.php\/wp-json\/wp\/v2\/posts\/2742\/revisions"}],"predecessor-version":[{"id":3395,"href":"https:\/\/wildermuell-lebensgefahrfuertiere.de\/index.php\/wp-json\/wp\/v2\/posts\/2742\/revisions\/3395"}],"wp:featuredmedia":[{"embeddable":true,"href":"https:\/\/wildermuell-lebensgefahrfuertiere.de\/index.php\/wp-json\/wp\/v2\/media\/2741"}],"wp:attachment":[{"href":"https:\/\/wildermuell-lebensgefahrfuertiere.de\/index.php\/wp-json\/wp\/v2\/media?parent=2742"}],"wp:term":[{"taxonomy":"category","embeddable":true,"href":"https:\/\/wildermuell-lebensgefahrfuertiere.de\/index.php\/wp-json\/wp\/v2\/categories?post=2742"},{"taxonomy":"post_tag","embeddable":true,"href":"https:\/\/wildermuell-lebensgefahrfuertiere.de\/index.php\/wp-json\/wp\/v2\/tags?post=2742"},{"taxonomy":"post_folder","embeddable":true,"href":"https:\/\/wildermuell-lebensgefahrfuertiere.de\/index.php\/wp-json\/wp\/v2\/post_folder?post=2742"}],"curies":[{"name":"wp","href":"https:\/\/api.w.org\/{rel}","templated":true}]}}