{"id":2949,"date":"2024-11-28T19:46:12","date_gmt":"2024-11-28T18:46:12","guid":{"rendered":"https:\/\/wildermuell-lebensgefahrfuertiere.de\/?p=2949"},"modified":"2025-07-23T21:24:12","modified_gmt":"2025-07-23T19:24:12","slug":"grossartiger-grundschultag-zu-unserem-projekt-in-der-robert-schumann-europa-schule","status":"publish","type":"post","link":"https:\/\/wildermuell-lebensgefahrfuertiere.de\/index.php\/2024\/11\/28\/grossartiger-grundschultag-zu-unserem-projekt-in-der-robert-schumann-europa-schule\/","title":{"rendered":"Gro\u00dfartiger Grundschultag zu unserem Projekt in der Robert Schumann Europa Schule"},"content":{"rendered":"\n[et_pb_section fb_built=&#8220;1&#8243; _builder_version=&#8220;4.27.2&#8243; _module_preset=&#8220;default&#8220; global_colors_info=&#8220;{}&#8220;][et_pb_row column_structure=&#8220;2_5,3_5&#8243; _builder_version=&#8220;4.27.2&#8243; _module_preset=&#8220;default&#8220; global_colors_info=&#8220;{}&#8220;][et_pb_column type=&#8220;2_5&#8243; _builder_version=&#8220;4.27.2&#8243; _module_preset=&#8220;default&#8220; global_colors_info=&#8220;{}&#8220;][et_pb_image src=&#8220;https:\/\/wildermuell-lebensgefahrfuertiere.de\/wp-content\/uploads\/2024\/11\/rse_grundschultag_20241030_04-scaled.jpg&#8220; title_text=&#8220;rse_grundschultag_20241030_04&#8243; show_in_lightbox=&#8220;on&#8220; _builder_version=&#8220;4.27.2&#8243; _module_preset=&#8220;default&#8220; global_colors_info=&#8220;{}&#8220;][\/et_pb_image][et_pb_image src=&#8220;https:\/\/wildermuell-lebensgefahrfuertiere.de\/wp-content\/uploads\/2024\/11\/rse_grundschultag_20241030_03-scaled.jpg&#8220; title_text=&#8220;rse_grundschultag_20241030_03&#8243; show_in_lightbox=&#8220;on&#8220; _builder_version=&#8220;4.27.2&#8243; _module_preset=&#8220;default&#8220; global_colors_info=&#8220;{}&#8220;][\/et_pb_image][et_pb_image src=&#8220;https:\/\/wildermuell-lebensgefahrfuertiere.de\/wp-content\/uploads\/2024\/11\/rse_grundschultag_20241030_05.jpg&#8220; title_text=&#8220;rse_grundschultag_20241030_05&#8243; show_in_lightbox=&#8220;on&#8220; _builder_version=&#8220;4.27.2&#8243; _module_preset=&#8220;default&#8220; global_colors_info=&#8220;{}&#8220;][\/et_pb_image][\/et_pb_column][et_pb_column type=&#8220;3_5&#8243; _builder_version=&#8220;4.27.2&#8243; _module_preset=&#8220;default&#8220; global_colors_info=&#8220;{}&#8220;][et_pb_text _builder_version=&#8220;4.27.2&#8243; _module_preset=&#8220;default&#8220; global_colors_info=&#8220;{}&#8220;]<p>Willich am 30.10.2024<\/p>\n<p>Wie auch schon im letzten Jahr, begeisterte die RSE mit dieser Veranstaltung viele Grundschulkinder und ihre Lehrer*innen.<\/p>\n<p>Noch nie, in keiner anderen weiterf\u00fchrenden Schule, konnten wir ein so mitrei\u00dfendes Event erleben.<\/p>\n<p>Organisiert von der Green Ag und ihrer Lehrerin Frau Yassine konnten die Sch\u00fcler*innen 5 Stationen durchlaufen.<\/p>\n<ul>\n<li>Eine F\u00fchrung durch die Ausstellung<\/li>\n<li>Unser Puppentheater<\/li>\n<li>Bunte Kunstwerke erstellen<\/li>\n<li>Staffellauf zur M\u00fclltrennung<\/li>\n<li>Workshop Upcycling<\/li>\n<\/ul>\n<p>Zum stimmungsvollen Abschluss wurde noch der Earth Song von Michael Jackson gesungen.<\/p>\n<p>Nun wurden wieder, auf wirklich mitrei\u00dfende Weise, viele Sch\u00fcler*innen und ihre Lehrer*innen f\u00fcr das gro\u00dfe Problem \u201ewilder M\u00fcll\u201c sensibilisiert.<\/p>\n<p>Wir bedanken uns f\u00fcr das gro\u00dfe Engagement<\/p>\n<p>Elita &amp; Benno Grafke<br \/>und das Team vom wilden M\u00fcll<\/p>\n<p>Weitere Informationen:<br \/>Beitrag auf der <a href=\"https:\/\/rse-willich.de\/news\/umweltaktionstag-fuer-grundschuelerinnen\/\" target=\"_blank\" rel=\"noopener\">Webseite der RSE Schule<\/a> in Willich<\/p>[\/et_pb_text][\/et_pb_column][\/et_pb_row][\/et_pb_section]\n","protected":false},"excerpt":{"rendered":"<p>Willich am 30.10.2024 Wie auch schon im letzten Jahr, begeisterte die RSE mit dieser Veranstaltung viele Grundschulkinder und ihre Lehrer*innen. Noch nie, in keiner anderen weiterf\u00fchrenden Schule, konnten wir ein so mitrei\u00dfendes Event erleben. Organisiert von der Green Ag und ihrer Lehrerin Frau Yassine konnten die Sch\u00fcler*innen 5 Stationen durchlaufen. Eine F\u00fchrung durch die Ausstellung [&hellip;]<\/p>\n","protected":false},"author":5,"featured_media":2944,"comment_status":"closed","ping_status":"open","sticky":false,"template":"","format":"standard","meta":{"_et_pb_use_builder":"on","_et_pb_old_content":"","_et_gb_content_width":"","footnotes":""},"categories":[1,11,9],"tags":[],"post_folder":[],"class_list":["post-2949","post","type-post","status-publish","format-standard","has-post-thumbnail","hentry","category-allgemein","category-muell","category-news"],"_links":{"self":[{"href":"https:\/\/wildermuell-lebensgefahrfuertiere.de\/index.php\/wp-json\/wp\/v2\/posts\/2949","targetHints":{"allow":["GET"]}}],"collection":[{"href":"https:\/\/wildermuell-lebensgefahrfuertiere.de\/index.php\/wp-json\/wp\/v2\/posts"}],"about":[{"href":"https:\/\/wildermuell-lebensgefahrfuertiere.de\/index.php\/wp-json\/wp\/v2\/types\/post"}],"author":[{"embeddable":true,"href":"https:\/\/wildermuell-lebensgefahrfuertiere.de\/index.php\/wp-json\/wp\/v2\/users\/5"}],"replies":[{"embeddable":true,"href":"https:\/\/wildermuell-lebensgefahrfuertiere.de\/index.php\/wp-json\/wp\/v2\/comments?post=2949"}],"version-history":[{"count":7,"href":"https:\/\/wildermuell-lebensgefahrfuertiere.de\/index.php\/wp-json\/wp\/v2\/posts\/2949\/revisions"}],"predecessor-version":[{"id":3291,"href":"https:\/\/wildermuell-lebensgefahrfuertiere.de\/index.php\/wp-json\/wp\/v2\/posts\/2949\/revisions\/3291"}],"wp:featuredmedia":[{"embeddable":true,"href":"https:\/\/wildermuell-lebensgefahrfuertiere.de\/index.php\/wp-json\/wp\/v2\/media\/2944"}],"wp:attachment":[{"href":"https:\/\/wildermuell-lebensgefahrfuertiere.de\/index.php\/wp-json\/wp\/v2\/media?parent=2949"}],"wp:term":[{"taxonomy":"category","embeddable":true,"href":"https:\/\/wildermuell-lebensgefahrfuertiere.de\/index.php\/wp-json\/wp\/v2\/categories?post=2949"},{"taxonomy":"post_tag","embeddable":true,"href":"https:\/\/wildermuell-lebensgefahrfuertiere.de\/index.php\/wp-json\/wp\/v2\/tags?post=2949"},{"taxonomy":"post_folder","embeddable":true,"href":"https:\/\/wildermuell-lebensgefahrfuertiere.de\/index.php\/wp-json\/wp\/v2\/post_folder?post=2949"}],"curies":[{"name":"wp","href":"https:\/\/api.w.org\/{rel}","templated":true}]}}