{"id":3349,"date":"2025-09-11T21:07:36","date_gmt":"2025-09-11T19:07:36","guid":{"rendered":"https:\/\/wildermuell-lebensgefahrfuertiere.de\/?p=3349"},"modified":"2025-09-11T21:07:36","modified_gmt":"2025-09-11T19:07:36","slug":"magazin-gartenfrosch-und-der-wilde-muell","status":"publish","type":"post","link":"https:\/\/wildermuell-lebensgefahrfuertiere.de\/index.php\/2025\/09\/11\/magazin-gartenfrosch-und-der-wilde-muell\/","title":{"rendered":"Magazin &#8222;Gartenfrosch&#8220; und der wilde M\u00fcll"},"content":{"rendered":"<p>[et_pb_section fb_built=&#8220;1&#8243; theme_builder_area=&#8220;post_content&#8220; _builder_version=&#8220;4.27.4&#8243; _module_preset=&#8220;default&#8220;][et_pb_row _builder_version=&#8220;4.27.4&#8243; _module_preset=&#8220;default&#8220; column_structure=&#8220;2_5,3_5&#8243; theme_builder_area=&#8220;post_content&#8220;][et_pb_column _builder_version=&#8220;4.27.4&#8243; _module_preset=&#8220;default&#8220; type=&#8220;2_5&#8243; theme_builder_area=&#8220;post_content&#8220;][et_pb_image src=&#8220;https:\/\/wildermuell-lebensgefahrfuertiere.de\/wp-content\/uploads\/2022\/06\/Suchbild_Mu\u0308ll_Zeitung_RZ_preview.png&#8220; _builder_version=&#8220;4.27.4&#8243; _module_preset=&#8220;default&#8220; theme_builder_area=&#8220;post_content&#8220; title_text=&#8220;Suchbild_Mu\u0308ll_Zeitung_RZ_preview&#8220; show_in_lightbox=&#8220;on&#8220; hover_enabled=&#8220;0&#8243; sticky_enabled=&#8220;0&#8243;][\/et_pb_image][\/et_pb_column][et_pb_column _builder_version=&#8220;4.27.4&#8243; _module_preset=&#8220;default&#8220; type=&#8220;3_5&#8243; theme_builder_area=&#8220;post_content&#8220;][et_pb_text _builder_version=&#8220;4.27.4&#8243; _module_preset=&#8220;default&#8220; theme_builder_area=&#8220;post_content&#8220; hover_enabled=&#8220;0&#8243; sticky_enabled=&#8220;0&#8243;]<\/p>\n<p>Willich\/Schiefbahn im September 2025<\/p>\n<p>Als das Projekt &#8222;Wilder M\u00fcll &#8211; Lebensgefahr f\u00fcr Tiere&#8220; vor 9 Jahren ins Leben gerufen wurde ging es zun\u00e4chst um den lokalen Bereich rund um Willich.<\/p>\n<p>L\u00e4ngst hat sich das ge\u00e4ndert, nicht zuletzt durch unsere Arbeit in den Medien, wie z.B. die <a href=\"https:\/\/wildermuell-lebensgefahrfuertiere.de\/index.php\/2021\/01\/27\/wdr-lokalzeit-bericht-vom-26-01-2021\/\" target=\"_blank\" rel=\"noopener\">Berichterstattung des WDR<\/a> im Jahre 2021 und die Ver\u00f6ffentlichung unseres Buches &#8222;<a href=\"https:\/\/wildermuell-lebensgefahrfuertiere.de\/index.php\/das-buch-bezugsquellen\/\" target=\"_blank\" rel=\"noopener\">Lass uns ein gutes Zuhause finden<\/a>&#8222;.<\/p>\n<p>Aus dem gesamten Bundesgebiet erreichen uns immer wieder Anfragen, h\u00e4ufig mit der Bitte um Unterst\u00fctzung oder der Bereitstellung von Infomaterialien.<\/p>\n<p>Das Magazin &#8222;Gartenfrosch&#8220; aus dem Verlagshaus Kerstin Schaum berichtet \u00fcber unser Projekt im Raum Hessen\/Odenwald in seiner Ausgabe 28\/2025.<\/p>\n<p>Auch unser Suchbild f\u00fcr die Kinder kam zum Einsatz.<\/p>\n<p>Wir freuen uns \u00fcber diese Zusammenarbeit!<\/p>\n<p>Elita &amp; Benno Grafke<br \/>und das Team vom wilden M\u00fcll<\/p>\n<p>Weitere Infos:<\/p>\n<p><a href=\"http:\/\/gartenfrosch-magazin.de\" target=\"_blank\" rel=\"noopener\">Webseite des Magazins &#8222;Gartenfrosch&#8220;<\/a><\/p>\n<p>Direktlink zum <a href=\"https:\/\/kerstin-schaum.de\/wp-content\/uploads\/2025\/08\/Gartenfrosch_Nr-28_Herbst_2025.pdf\" target=\"_blank\" rel=\"noopener\">Download der Ausgabe 28\/2025<\/a> des Magazins &#8222;Gartenfrosch&#8220;<\/p>\n<p>[\/et_pb_text][\/et_pb_column][\/et_pb_row][\/et_pb_section]<\/p>\n","protected":false},"excerpt":{"rendered":"<p>Willich\/Schiefbahn im September 2025 Als das Projekt &#8222;Wilder M\u00fcll &#8211; Lebensgefahr f\u00fcr Tiere&#8220; vor 9 Jahren ins Leben gerufen wurde ging es zun\u00e4chst um den lokalen Bereich rund um Willich. L\u00e4ngst hat sich das ge\u00e4ndert, nicht zuletzt durch unsere Arbeit in den Medien, wie z.B. die Berichterstattung des WDR im Jahre 2021 und die Ver\u00f6ffentlichung [&hellip;]<\/p>\n","protected":false},"author":5,"featured_media":3348,"comment_status":"closed","ping_status":"open","sticky":false,"template":"","format":"standard","meta":{"_et_pb_use_builder":"on","_et_pb_old_content":"","_et_gb_content_width":"","footnotes":""},"categories":[11,9],"tags":[],"post_folder":[],"class_list":["post-3349","post","type-post","status-publish","format-standard","has-post-thumbnail","hentry","category-muell","category-news"],"_links":{"self":[{"href":"https:\/\/wildermuell-lebensgefahrfuertiere.de\/index.php\/wp-json\/wp\/v2\/posts\/3349","targetHints":{"allow":["GET"]}}],"collection":[{"href":"https:\/\/wildermuell-lebensgefahrfuertiere.de\/index.php\/wp-json\/wp\/v2\/posts"}],"about":[{"href":"https:\/\/wildermuell-lebensgefahrfuertiere.de\/index.php\/wp-json\/wp\/v2\/types\/post"}],"author":[{"embeddable":true,"href":"https:\/\/wildermuell-lebensgefahrfuertiere.de\/index.php\/wp-json\/wp\/v2\/users\/5"}],"replies":[{"embeddable":true,"href":"https:\/\/wildermuell-lebensgefahrfuertiere.de\/index.php\/wp-json\/wp\/v2\/comments?post=3349"}],"version-history":[{"count":2,"href":"https:\/\/wildermuell-lebensgefahrfuertiere.de\/index.php\/wp-json\/wp\/v2\/posts\/3349\/revisions"}],"predecessor-version":[{"id":3353,"href":"https:\/\/wildermuell-lebensgefahrfuertiere.de\/index.php\/wp-json\/wp\/v2\/posts\/3349\/revisions\/3353"}],"wp:featuredmedia":[{"embeddable":true,"href":"https:\/\/wildermuell-lebensgefahrfuertiere.de\/index.php\/wp-json\/wp\/v2\/media\/3348"}],"wp:attachment":[{"href":"https:\/\/wildermuell-lebensgefahrfuertiere.de\/index.php\/wp-json\/wp\/v2\/media?parent=3349"}],"wp:term":[{"taxonomy":"category","embeddable":true,"href":"https:\/\/wildermuell-lebensgefahrfuertiere.de\/index.php\/wp-json\/wp\/v2\/categories?post=3349"},{"taxonomy":"post_tag","embeddable":true,"href":"https:\/\/wildermuell-lebensgefahrfuertiere.de\/index.php\/wp-json\/wp\/v2\/tags?post=3349"},{"taxonomy":"post_folder","embeddable":true,"href":"https:\/\/wildermuell-lebensgefahrfuertiere.de\/index.php\/wp-json\/wp\/v2\/post_folder?post=3349"}],"curies":[{"name":"wp","href":"https:\/\/api.w.org\/{rel}","templated":true}]}}