{"id":3455,"date":"2026-03-15T21:51:23","date_gmt":"2026-03-15T20:51:23","guid":{"rendered":"https:\/\/wildermuell-lebensgefahrfuertiere.de\/?p=3455"},"modified":"2026-03-15T21:51:24","modified_gmt":"2026-03-15T20:51:24","slug":"kippen-barometer-jetzt-auch-in-toenisvorst","status":"publish","type":"post","link":"https:\/\/wildermuell-lebensgefahrfuertiere.de\/index.php\/2026\/03\/15\/kippen-barometer-jetzt-auch-in-toenisvorst\/","title":{"rendered":"Kippen Barometer jetzt auch in T\u00f6nisvorst!"},"content":{"rendered":"<p>[et_pb_section fb_built=&#8220;1&#8243; _builder_version=&#8220;4.27.5&#8243; _module_preset=&#8220;default&#8220; global_colors_info=&#8220;{}&#8220;][et_pb_row column_structure=&#8220;1_3,2_3&#8243; _builder_version=&#8220;4.27.5&#8243; _module_preset=&#8220;default&#8220; global_colors_info=&#8220;{}&#8220;][et_pb_column type=&#8220;1_3&#8243; _builder_version=&#8220;4.27.5&#8243; _module_preset=&#8220;default&#8220; global_colors_info=&#8220;{}&#8220;][et_pb_image src=&#8220;https:\/\/wildermuell-lebensgefahrfuertiere.de\/wp-content\/uploads\/2026\/03\/Kippenbarometer_toenisvorst_20250314_02.jpg&#8220; title_text=&#8220;Kippenbarometer_toenisvorst_20250314_02&#8243; _builder_version=&#8220;4.27.5&#8243; _module_preset=&#8220;default&#8220; global_colors_info=&#8220;{}&#8220;][\/et_pb_image][\/et_pb_column][et_pb_column type=&#8220;2_3&#8243; _builder_version=&#8220;4.27.5&#8243; _module_preset=&#8220;default&#8220; global_colors_info=&#8220;{}&#8220;][et_pb_text _builder_version=&#8220;4.27.5&#8243; _module_preset=&#8220;default&#8220; global_colors_info=&#8220;{}&#8220;]<\/p>\n<h3>Wir sagen DANKE!<\/h3>\n<p>Durch Empfehlung von Meral Thoms, Abgeordnete der Gr\u00fcnen im Landtag NRW, erhielten wir f\u00fcr unser Projekt Wilder M\u00fcll, Lebensgefahr f\u00fcr Tiere, eine Spende in H\u00f6he von 5000,- Euro.<\/p>\n<p>F\u00fcr diese wertvolle Unterst\u00fctzung wollten wir uns unbedingt bedanken.<br \/>Mit unserem Kippen Barometer sammeln wir in Willich sehr erfolgreich Kippen. In einem Jahr mit 8 Barometern \u00fcber 10000 Zigarettenstummel- und das auf lustige Weise! Der Raucher stimmt mit seiner Kippe ab. Pils oder Alt, D\u00f6ner oder Pizza, vor einer Kita Eis oder Kuchen. Das sind nur einige M\u00f6glichkeiten den Raucher abstimmen zu lassen. Heute brachten wir Frau Meral Thoms nach T\u00f6nisvorst, in Ihr B\u00fcro, eines unserer Barometer.<\/p>\n<p>Ein kleines Dankesch\u00f6n.<\/p>\n<p>Das Barometer wird in der N\u00e4he des B\u00fcros der Gr\u00fcnen angebracht und sammelt sicherlich auch in T\u00f6nisvorst viele Kippen. Kippen die dann nicht mehr unsere Umwelt belasten, Kleinkinder und Tiere gef\u00e4hrden.<br \/>Abstimmen kann man in T\u00f6nisvorst, der Apfelstadt, zwischen Apfel und Apfelkuchen\u2026<\/p>\n<p>[\/et_pb_text][\/et_pb_column][\/et_pb_row][\/et_pb_section]<\/p>\n","protected":false},"excerpt":{"rendered":"<p>Wir sagen DANKE! Durch Empfehlung von Meral Thoms, Abgeordnete der Gr\u00fcnen im Landtag NRW, erhielten wir f\u00fcr unser Projekt Wilder M\u00fcll, Lebensgefahr f\u00fcr Tiere, eine Spende in H\u00f6he von 5000,- Euro.F\u00fcr diese wertvolle Unterst\u00fctzung wollten wir uns unbedingt bedanken.Mit unserem Kippen Barometer sammeln wir in Willich sehr erfolgreich Kippen. In einem Jahr mit 8 Barometern [&hellip;]<\/p>\n","protected":false},"author":5,"featured_media":3456,"comment_status":"closed","ping_status":"open","sticky":false,"template":"","format":"standard","meta":{"_et_pb_use_builder":"on","_et_pb_old_content":"","_et_gb_content_width":"","footnotes":""},"categories":[1,34,9],"tags":[],"post_folder":[],"class_list":["post-3455","post","type-post","status-publish","format-standard","has-post-thumbnail","hentry","category-allgemein","category-kippenbarometer","category-news"],"_links":{"self":[{"href":"https:\/\/wildermuell-lebensgefahrfuertiere.de\/index.php\/wp-json\/wp\/v2\/posts\/3455","targetHints":{"allow":["GET"]}}],"collection":[{"href":"https:\/\/wildermuell-lebensgefahrfuertiere.de\/index.php\/wp-json\/wp\/v2\/posts"}],"about":[{"href":"https:\/\/wildermuell-lebensgefahrfuertiere.de\/index.php\/wp-json\/wp\/v2\/types\/post"}],"author":[{"embeddable":true,"href":"https:\/\/wildermuell-lebensgefahrfuertiere.de\/index.php\/wp-json\/wp\/v2\/users\/5"}],"replies":[{"embeddable":true,"href":"https:\/\/wildermuell-lebensgefahrfuertiere.de\/index.php\/wp-json\/wp\/v2\/comments?post=3455"}],"version-history":[{"count":4,"href":"https:\/\/wildermuell-lebensgefahrfuertiere.de\/index.php\/wp-json\/wp\/v2\/posts\/3455\/revisions"}],"predecessor-version":[{"id":3463,"href":"https:\/\/wildermuell-lebensgefahrfuertiere.de\/index.php\/wp-json\/wp\/v2\/posts\/3455\/revisions\/3463"}],"wp:featuredmedia":[{"embeddable":true,"href":"https:\/\/wildermuell-lebensgefahrfuertiere.de\/index.php\/wp-json\/wp\/v2\/media\/3456"}],"wp:attachment":[{"href":"https:\/\/wildermuell-lebensgefahrfuertiere.de\/index.php\/wp-json\/wp\/v2\/media?parent=3455"}],"wp:term":[{"taxonomy":"category","embeddable":true,"href":"https:\/\/wildermuell-lebensgefahrfuertiere.de\/index.php\/wp-json\/wp\/v2\/categories?post=3455"},{"taxonomy":"post_tag","embeddable":true,"href":"https:\/\/wildermuell-lebensgefahrfuertiere.de\/index.php\/wp-json\/wp\/v2\/tags?post=3455"},{"taxonomy":"post_folder","embeddable":true,"href":"https:\/\/wildermuell-lebensgefahrfuertiere.de\/index.php\/wp-json\/wp\/v2\/post_folder?post=3455"}],"curies":[{"name":"wp","href":"https:\/\/api.w.org\/{rel}","templated":true}]}}